{"id":1193,"date":"2010-08-30T22:35:14","date_gmt":"2010-08-30T20:35:14","guid":{"rendered":"http:\/\/magyaragar.eu\/blog\/?p=1193"},"modified":"2010-08-31T13:39:08","modified_gmt":"2010-08-31T11:39:08","slug":"der-wink-von-oben","status":"publish","type":"post","link":"http:\/\/www.magyaragar.eu\/blog\/der-wink-von-oben\/","title":{"rendered":"Der Wink von oben &#8230;"},"content":{"rendered":"<p>an diesem Sonntagmorgen, in Form von kleinen Hindernissen, welche sich unserem Vorhaben in den Weg legten, wurde zwar irgendwo im Hinterst\u00fcbchen registriert, kam aber erst sp\u00e4ter zum Bewusstsein, als die Sache schon &#8218;gegessen war&#8216;.<br \/>\nWehe dem, der an Intuition glaubt, aber sein Bauchgef\u00fchl bei Seite schiebt &#8211; das Wetter war einfach zu sch\u00f6n: es versprach ein sch\u00f6ner, klarer Herbsttag zu werden &#8211; richtiges Bahntrainingswetter eben.<\/p>\n<p>Die Hunde freuten sich schon wie wild auf die ersten L\u00e4ufe, welche unsere Herbstsaison einl\u00e4uten sollten und waren hochmotiviert und \u00fcbergl\u00fccklich, ihre Hunde-Freunde wieder zu treffen.<\/p>\n<p>Csoda lief eine tolle Runde um dann, pl\u00f6tzlich, nach der Zielkurve auf drei Beinen stehen zu bleiben: Die Notaufnahme best\u00e4tigte uns das, was wir voher schon deutlich sahen: der Sprunggelenkh\u00f6cker war ab. Die B\u00e4nder h\u00f6chstwahrscheinlich auch. Ob diese typische &#8218;Kurvenverletzung&#8216; durch einen laut h\u00f6rbaren Anprall in der Box oder durch vorher bestehende, unbekannte Haarrisse initiiert wurde, ist im Nachhinein schlecht zu sagen. Tatsache ist jedoch: an einem Sonntag zur Urlaubszeit einen Spezialisten f\u00fcr diese Verletzung zu finden gestaltete sich mehr als schwierig. Der eine ist unterwegs, der andere nicht erreichbar, ein dritter mutet sich diese Operation nicht zu.<br \/>\nSo verbrachten wir noch eine Nacht am Bodensee und waren mehr als erleichtert, als Prof. Dr. Ferenc K\u00e1sa kurzentschlosschen zusagte, diese OP zu machen. Sie gestaltete sich als langwierig und aufgrund der vielen Splitter und Einrisse schwieriger als erwartet, gl\u00fcckte jedoch gottseidank zur vollen Zufriedenheit.<br \/>\nUnd wir hoffen, auch Csodas Genesung l\u00e4sst sich ebenso gut an und er kann bald wieder wie fr\u00fcher \u00fcber die Wiesen jagen. Wir m\u00fcssen sagen, selten f\u00fchlten wir unsere Hunde so gut und kompetent aufgehoben wie bei Dr. K\u00e1sa und seinem Team. Danke!<\/p>\n<p>Und bedanken m\u00f6chten wir uns auch ausdr\u00fccklich bei allen Leuten am Sachsenheimring, die ihre Zeit geopfert und uns tatkr\u00e4ftig unterst\u00fctzt haben &#8211; das ist nicht selbstverst\u00e4ndlich und wir wissen es mehr als zu sch\u00e4tzen! Von den vielen Telefonaten, der Unterkunft und dem Bekochen gar nicht zu reden &#8230;<\/p>\n<p>Csoda geht es nunmehr zu Hause gut und wir M\u00e4dels sind \u00fcbergl\u00fccklich dr\u00fcber!<\/p>\n<p>Alle Photos Copyright Dres. K\u00e1sa<br \/>\n\n\t\t<style type=\"text\/css\">\n\t\t\t#gallery-1 {\n\t\t\t\tmargin: auto;\n\t\t\t}\n\t\t\t#gallery-1 .gallery-item {\n\t\t\t\tfloat: left;\n\t\t\t\tmargin-top: 10px;\n\t\t\t\ttext-align: center;\n\t\t\t\twidth: 33%;\n\t\t\t}\n\t\t\t#gallery-1 img {\n\t\t\t\tborder: 2px solid #cfcfcf;\n\t\t\t}\n\t\t\t#gallery-1 .gallery-caption {\n\t\t\t\tmargin-left: 0;\n\t\t\t}\n\t\t\t\/* see gallery_shortcode() in wp-includes\/media.php *\/\n\t\t<\/style>\n\t\t<div id='gallery-1' class='gallery galleryid-1193 gallery-columns-3 gallery-size-thumbnail'><dl class='gallery-item'>\n\t\t\t<dt class='gallery-icon landscape'>\n\t\t\t\t<a href='http:\/\/www.magyaragar.eu\/blog\/wp-content\/uploads\/2010\/08\/vorher-2.jpg'><img width=\"150\" height=\"150\" src=\"http:\/\/www.magyaragar.eu\/blog\/wp-content\/uploads\/2010\/08\/vorher-2-150x150.jpg\" class=\"attachment-thumbnail size-thumbnail\" alt=\"\" decoding=\"async\" loading=\"lazy\" \/><\/a>\n\t\t\t<\/dt><\/dl><dl class='gallery-item'>\n\t\t\t<dt class='gallery-icon portrait'>\n\t\t\t\t<a href='http:\/\/www.magyaragar.eu\/blog\/wp-content\/uploads\/2010\/08\/vorher-1.jpg'><img width=\"150\" height=\"150\" src=\"http:\/\/www.magyaragar.eu\/blog\/wp-content\/uploads\/2010\/08\/vorher-1-150x150.jpg\" class=\"attachment-thumbnail size-thumbnail\" alt=\"\" decoding=\"async\" loading=\"lazy\" \/><\/a>\n\t\t\t<\/dt><\/dl><dl class='gallery-item'>\n\t\t\t<dt class='gallery-icon portrait'>\n\t\t\t\t<a href='http:\/\/www.magyaragar.eu\/blog\/wp-content\/uploads\/2010\/08\/nacher1.jpg'><img width=\"150\" height=\"150\" src=\"http:\/\/www.magyaragar.eu\/blog\/wp-content\/uploads\/2010\/08\/nacher1-150x150.jpg\" class=\"attachment-thumbnail size-thumbnail\" alt=\"\" decoding=\"async\" loading=\"lazy\" \/><\/a>\n\t\t\t<\/dt><\/dl><br style=\"clear: both\" \/><dl class='gallery-item'>\n\t\t\t<dt class='gallery-icon portrait'>\n\t\t\t\t<a href='http:\/\/www.magyaragar.eu\/blog\/wp-content\/uploads\/2010\/08\/nacher-2.jpg'><img width=\"150\" height=\"150\" src=\"http:\/\/www.magyaragar.eu\/blog\/wp-content\/uploads\/2010\/08\/nacher-2-150x150.jpg\" class=\"attachment-thumbnail size-thumbnail\" alt=\"\" decoding=\"async\" loading=\"lazy\" \/><\/a>\n\t\t\t<\/dt><\/dl><dl class='gallery-item'>\n\t\t\t<dt class='gallery-icon portrait'>\n\t\t\t\t<a href='http:\/\/www.magyaragar.eu\/blog\/wp-content\/uploads\/2010\/08\/nachher-3.jpg'><img width=\"150\" height=\"150\" src=\"http:\/\/www.magyaragar.eu\/blog\/wp-content\/uploads\/2010\/08\/nachher-3-150x150.jpg\" class=\"attachment-thumbnail size-thumbnail\" alt=\"\" decoding=\"async\" loading=\"lazy\" \/><\/a>\n\t\t\t<\/dt><\/dl><dl class='gallery-item'>\n\t\t\t<dt class='gallery-icon landscape'>\n\t\t\t\t<a href='http:\/\/www.magyaragar.eu\/blog\/wp-content\/uploads\/2010\/08\/nacher-3.jpg'><img width=\"150\" height=\"150\" src=\"http:\/\/www.magyaragar.eu\/blog\/wp-content\/uploads\/2010\/08\/nacher-3-150x150.jpg\" class=\"attachment-thumbnail size-thumbnail\" alt=\"\" decoding=\"async\" loading=\"lazy\" \/><\/a>\n\t\t\t<\/dt><\/dl><br style=\"clear: both\" \/>\n\t\t<\/div>\n<\/p>\n","protected":false},"excerpt":{"rendered":"<p>an diesem Sonntagmorgen, in Form von kleinen Hindernissen, welche sich unserem Vorhaben in den Weg legten, wurde zwar irgendwo im Hinterst\u00fcbchen registriert, kam aber erst sp\u00e4ter zum Bewusstsein, als die Sache schon &#8218;gegessen war&#8216;. Wehe dem, der an Intuition glaubt, aber sein Bauchgef\u00fchl bei Seite schiebt &#8211; das Wetter war einfach zu sch\u00f6n: es versprach [&hellip;]<\/p>\n","protected":false},"author":2,"featured_media":0,"comment_status":"closed","ping_status":"closed","sticky":false,"template":"","format":"standard","meta":[],"categories":[5,3,15,12,10,16],"tags":[7,6,8],"_links":{"self":[{"href":"http:\/\/www.magyaragar.eu\/blog\/wp-json\/wp\/v2\/posts\/1193"}],"collection":[{"href":"http:\/\/www.magyaragar.eu\/blog\/wp-json\/wp\/v2\/posts"}],"about":[{"href":"http:\/\/www.magyaragar.eu\/blog\/wp-json\/wp\/v2\/types\/post"}],"author":[{"embeddable":true,"href":"http:\/\/www.magyaragar.eu\/blog\/wp-json\/wp\/v2\/users\/2"}],"replies":[{"embeddable":true,"href":"http:\/\/www.magyaragar.eu\/blog\/wp-json\/wp\/v2\/comments?post=1193"}],"version-history":[{"count":7,"href":"http:\/\/www.magyaragar.eu\/blog\/wp-json\/wp\/v2\/posts\/1193\/revisions"}],"predecessor-version":[{"id":1208,"href":"http:\/\/www.magyaragar.eu\/blog\/wp-json\/wp\/v2\/posts\/1193\/revisions\/1208"}],"wp:attachment":[{"href":"http:\/\/www.magyaragar.eu\/blog\/wp-json\/wp\/v2\/media?parent=1193"}],"wp:term":[{"taxonomy":"category","embeddable":true,"href":"http:\/\/www.magyaragar.eu\/blog\/wp-json\/wp\/v2\/categories?post=1193"},{"taxonomy":"post_tag","embeddable":true,"href":"http:\/\/www.magyaragar.eu\/blog\/wp-json\/wp\/v2\/tags?post=1193"}],"curies":[{"name":"wp","href":"https:\/\/api.w.org\/{rel}","templated":true}]}}